{"id":1832,"date":"2023-03-22T15:06:49","date_gmt":"2023-03-22T14:06:49","guid":{"rendered":"https:\/\/images-des-alpes.fr\/randonue\/wp\/?p=1832"},"modified":"2023-05-10T15:08:06","modified_gmt":"2023-05-10T13:08:06","slug":"le-col-des-aiguilles-2003-m","status":"publish","type":"post","link":"https:\/\/images-des-alpes.fr\/randonue\/wp\/2023\/03\/22\/le-col-des-aiguilles-2003-m\/","title":{"rendered":"Le col des Aiguilles (2003 m)"},"content":{"rendered":"\n<p><strong>Massif du D\u00e9voluy<\/strong><\/p>\n\n\n\n<p><strong>le 22 mars 2023<\/strong><\/p>\n\n\n\n<p><em>Avec\u00a0: Bruno, Jacques-Marie, Guillaume, Dominique, Jean Paul, St\u00e9phane, Yannick, Chantal, Patricia, Patrick, Franck, Yves.<\/em><\/p>\n\n\n\n<p>Quatri\u00e8me rando dans le cadre d&rsquo;une semaine de randonue et raquettes nu dans le massif du D\u00e9voluy organis\u00e9e par l&rsquo;association RSVNat (Rassemblements, S\u00e9jours et Voyages Naturistes).<\/p>\n\n\n\n<p>Rendez-vous au col du Festre avec Franck et Yves qui viennent de Gap.<\/p>\n\n\n\n<p>Les sommets enneig\u00e9s resplendissent au soleil sous un ciel presque uniform\u00e9ment bleu. Nous suivons un temps une large piste qui monte doucement dans l&rsquo;alpage. Le col du Festre est un couloir de vent et la plus part d&rsquo;entre nous restent couverts.<\/p>\n\n\n\n<figure class=\"wp-block-image size-large\"><img decoding=\"async\" src=\"https:\/\/images-des-alpes.fr\/Passion_montagne\/_data\/i\/upload\/2023\/03\/26\/20230326170458-3763b42c-me.jpg\" alt=\"\"\/><\/figure>\n\n\n\n<figure class=\"wp-block-image size-large\"><img decoding=\"async\" src=\"https:\/\/images-des-alpes.fr\/Passion_montagne\/_data\/i\/upload\/2023\/03\/26\/20230326170459-e852ee23-me.jpg\" alt=\"\"\/><\/figure>\n\n\n\n<p>Le chemin d&rsquo;\u00e9t\u00e9 qui conduit au vallon des aiguilles n&rsquo;est pas praticable en hiver et c&rsquo;est par un petit col (le Collet) que l&rsquo;on contourne la zone expos\u00e9e.<\/p>\n\n\n\n<figure class=\"wp-block-image size-large\"><img decoding=\"async\" src=\"https:\/\/images-des-alpes.fr\/Passion_montagne\/_data\/i\/upload\/2023\/03\/26\/20230326170500-dc44a05f-me.jpg\" alt=\"\"\/><\/figure>\n\n\n\n<p>Nous quittons donc le chemin principal pour nous \u00e9lever \u00e0 travers des prairies dans le vallon de Darne, rejoignant la neige un peu au dessus de la cabane des Bachassous.<\/p>\n\n\n\n<figure class=\"wp-block-image size-large\"><img decoding=\"async\" src=\"https:\/\/images-des-alpes.fr\/Passion_montagne\/_data\/i\/upload\/2023\/03\/26\/20230326170503-a8ce5c8e-me.jpg\" alt=\"\"\/><\/figure>\n\n\n\n<p>D\u00e9sormais, \u00e0 l&rsquo;abri du vent, c&rsquo;est d\u00e9nud\u00e9 que nous attaquons, raquettes aux pieds, la mont\u00e9e vers le Collet.<\/p>\n\n\n\n<figure class=\"wp-block-image size-large\"><img decoding=\"async\" src=\"https:\/\/images-des-alpes.fr\/Passion_montagne\/_data\/i\/upload\/2023\/03\/26\/20230326170507-539e631c-me.jpg\" alt=\"\"\/><\/figure>\n\n\n\n<figure class=\"wp-block-image size-large\"><img decoding=\"async\" src=\"https:\/\/images-des-alpes.fr\/Passion_montagne\/_data\/i\/upload\/2023\/03\/26\/20230326170510-d73652de-me.jpg\" alt=\"\"\/><\/figure>\n\n\n\n<figure class=\"wp-block-image size-large\"><img decoding=\"async\" src=\"https:\/\/images-des-alpes.fr\/Passion_montagne\/galleries\/Panoramas\/IMG_5164-5165_180.jpg\" alt=\"\"\/><\/figure>\n\n\n\n<figure class=\"wp-block-image size-large\"><img decoding=\"async\" src=\"https:\/\/images-des-alpes.fr\/Passion_montagne\/_data\/i\/upload\/2023\/03\/26\/20230326170511-2dcd843c-me.jpg\" alt=\"\"\/><\/figure>\n\n\n\n<p>Un groupe nous pr\u00e9c\u00e8de (Un accompagnateur avec ses clients ?), se pose pour un en-cas alors qu&rsquo;\u00e0 50 m sous le collet, nous attendons nos retardataires. Nous ne les reverrons plus. D&rsquo;ailleurs, nos amis iront-ils tous jusqu&rsquo;au Collet&nbsp;? Ils h\u00e9sitent, s&rsquo;arr\u00eatent, discutent. La cabane des Bachassous en tente plus d&rsquo;un.<\/p>\n\n\n\n<p>Finalement, \u00e7a se remet en marche et on nous rejoint au Collet. Belle vue sur le vallon des aiguilles et les sommets qui le bordent.<\/p>\n\n\n\n<figure class=\"wp-block-image size-large\"><img decoding=\"async\" src=\"https:\/\/images-des-alpes.fr\/Passion_montagne\/_data\/i\/upload\/2023\/03\/26\/20230326170513-0cb5ee17-me.jpg\" alt=\"\"\/><\/figure>\n\n\n\n<p>La suite&nbsp;? Il faut descendre un pente raide sur 150 m de d\u00e9nivel\u00e9 pour gagner le fond du vallon. Donc remonter 150 m au retour. C&rsquo;en est trop pour beaucoup qui en resteront l\u00e0.<\/p>\n\n\n\n<p>Patrick, Franck, Guillaume, St\u00e9phane et moi-m\u00eame poursuivons jusqu&rsquo;au col des Aiguilles. Yannick suit \u00e0 son petit train habituel.<\/p>\n\n\n\n<figure class=\"wp-block-image size-large\"><img decoding=\"async\" src=\"https:\/\/images-des-alpes.fr\/Passion_montagne\/_data\/i\/upload\/2023\/03\/26\/20230326170515-def99523-me.jpg\" alt=\"\"\/><\/figure>\n\n\n\n<figure class=\"wp-block-image size-large\"><img decoding=\"async\" src=\"https:\/\/images-des-alpes.fr\/Passion_montagne\/_data\/i\/upload\/2023\/03\/26\/20230326170516-35729f20-me.jpg\" alt=\"\"\/><\/figure>\n\n\n\n<figure class=\"wp-block-image size-large\"><img decoding=\"async\" src=\"https:\/\/images-des-alpes.fr\/Passion_montagne\/_data\/i\/upload\/2023\/03\/26\/20230326170520-bd9ea7c1-me.jpg\" alt=\"\"\/><\/figure>\n\n\n\n<p>C&rsquo;est une longue, mais douce mont\u00e9e de la large combe dans une ambiance haute-montagne.<\/p>\n\n\n\n<p>Aujourd&rsquo;hui, j&rsquo;ai 30 ans&nbsp;! Je ne ressent ni fatigue, ni courbatures et m\u00e8ne la course en t\u00eate.<\/p>\n\n\n\n<figure class=\"wp-block-image size-large\"><img decoding=\"async\" src=\"https:\/\/images-des-alpes.fr\/Passion_montagne\/_data\/i\/upload\/2023\/03\/26\/20230326170522-278fd5f4-me.jpg\" alt=\"\"\/><\/figure>\n\n\n\n<figure class=\"wp-block-image size-large\"><img decoding=\"async\" src=\"https:\/\/images-des-alpes.fr\/Passion_montagne\/_data\/i\/upload\/2023\/03\/26\/20230326170525-a3368305-me.jpg\" alt=\"\"\/><\/figure>\n\n\n\n<p>Au col, le cadre est magnifique et les appareils photo immortalisent notre exploit.<\/p>\n\n\n\n<figure class=\"wp-block-image size-large\"><img decoding=\"async\" src=\"https:\/\/images-des-alpes.fr\/Passion_montagne\/_data\/i\/upload\/2023\/03\/26\/20230326170526-2bc59c32-me.jpg\" alt=\"\"\/><\/figure>\n\n\n\n<figure class=\"wp-block-image size-large\"><img decoding=\"async\" src=\"https:\/\/images-des-alpes.fr\/Passion_montagne\/galleries\/Panoramas\/IMG_5188-5191_180.jpg\" alt=\"\"\/><\/figure>\n\n\n\n<p>En descendant, nous retrouvons Yannick qui s&rsquo;\u00e9tait arr\u00eat\u00e9 \u00e0 mi-chemin.<\/p>\n\n\n\n<p>La remont\u00e9e au Collet est aval\u00e9e \u00e0 un bon rythme&nbsp;; mais la haut, plus personnes, les autres sont redescendus.<\/p>\n\n\n\n<figure class=\"wp-block-image size-large\"><img decoding=\"async\" src=\"https:\/\/images-des-alpes.fr\/Passion_montagne\/_data\/i\/upload\/2023\/03\/26\/20230326170533-57e876c3-me.jpg\" alt=\"\"\/><\/figure>\n\n\n\n<figure class=\"wp-block-image size-large\"><img decoding=\"async\" src=\"https:\/\/images-des-alpes.fr\/Passion_montagne\/galleries\/Panoramas\/IMG_5206-5208_180.jpg\" alt=\"\"\/><\/figure>\n\n\n\n<p>Nous d\u00e9valons vers le Festre, persuad\u00e9s d&rsquo;y retrouver les autres. Personne. Toutes les voitures sont encore l\u00e0. Ou sont-ils pass\u00e9s\u00a0?<\/p>\n\n\n\n<p>Nous attendrons pas loin d&rsquo;une heure avant de les voir venir. Ils sont all\u00e9 visiter un sentier dit \u201cde d\u00e9couverte\u201c et en reviennent bien d\u00e9\u00e7us.<\/p>\n\n\n\n<iframe loading=\"lazy\" width=\"600\" height=\"600\" frameborder=\"0\" scrolling=\"no\" marginheight=\"0\" marginwidth=\"0\" sandbox=\"allow-forms allow-scripts allow-same-origin\" src=\"https:\/\/www.geoportail.gouv.fr\/embed\/visu.html?c=5.840261443995538,44.66349839038918&#038;z=14&#038;l0=GEOGRAPHICALGRIDSYSTEMS.MAPS.3D::GEOPORTAIL:OGC:WMTS==aggregate(1)&#038;d1=4540960(1)&#038;permalink=yes\" allowfullscreen><\/iframe>\n<div title='Diaspora*' id='diaspora-button-container'><a href=\"javascript:(function(){var url = 'https:\/\/images-des-alpes.fr\/randonue\/wp\/2023\/03\/22\/le-col-des-aiguilles-2003-m\/' ;var title = 'Le col des Aiguilles (2003 m)';   window.open('https:\/\/images-des-alpes.fr\/randonue\/wp\/wp-content\/plugins\/share-on-diaspora\/new_window.php?url='+encodeURIComponent(url)+'&amp;title='+encodeURIComponent(title),'post','location=no,links=no,scrollbars=no,toolbar=no,width=620,height=400')})()\"><span id='diaspora-button-box'><font>Diaspora<\/font> <span id='diaspora-button-inner'><img src='https:\/\/images-des-alpes.fr\/randonue\/wp\/wp-content\/plugins\/share-on-diaspora\/images\/asterisk-20.png' alt=''\/><\/span><\/span><\/a><\/div> ","protected":false},"excerpt":{"rendered":"<p>Massif du D\u00e9voluy le 22 mars 2023 Avec\u00a0: Bruno, Jacques-Marie, Guillaume, Dominique, Jean Paul, St\u00e9phane, Yannick, Chantal, Patricia, Patrick, Franck, Yves. Quatri\u00e8me rando dans le cadre d&rsquo;une semaine de randonue et raquettes nu dans le massif du D\u00e9voluy organis\u00e9e par l&rsquo;association RSVNat (Rassemblements, S\u00e9jours et Voyages Naturistes). Rendez-vous au col du Festre avec Franck et [&hellip;]<\/p>\n","protected":false},"author":1,"featured_media":0,"comment_status":"open","ping_status":"open","sticky":false,"template":"","format":"standard","meta":{"footnotes":""},"categories":[6],"tags":[],"class_list":["post-1832","post","type-post","status-publish","format-standard","hentry","category-recits"],"_links":{"self":[{"href":"https:\/\/images-des-alpes.fr\/randonue\/wp\/wp-json\/wp\/v2\/posts\/1832","targetHints":{"allow":["GET"]}}],"collection":[{"href":"https:\/\/images-des-alpes.fr\/randonue\/wp\/wp-json\/wp\/v2\/posts"}],"about":[{"href":"https:\/\/images-des-alpes.fr\/randonue\/wp\/wp-json\/wp\/v2\/types\/post"}],"author":[{"embeddable":true,"href":"https:\/\/images-des-alpes.fr\/randonue\/wp\/wp-json\/wp\/v2\/users\/1"}],"replies":[{"embeddable":true,"href":"https:\/\/images-des-alpes.fr\/randonue\/wp\/wp-json\/wp\/v2\/comments?post=1832"}],"version-history":[{"count":2,"href":"https:\/\/images-des-alpes.fr\/randonue\/wp\/wp-json\/wp\/v2\/posts\/1832\/revisions"}],"predecessor-version":[{"id":1835,"href":"https:\/\/images-des-alpes.fr\/randonue\/wp\/wp-json\/wp\/v2\/posts\/1832\/revisions\/1835"}],"wp:attachment":[{"href":"https:\/\/images-des-alpes.fr\/randonue\/wp\/wp-json\/wp\/v2\/media?parent=1832"}],"wp:term":[{"taxonomy":"category","embeddable":true,"href":"https:\/\/images-des-alpes.fr\/randonue\/wp\/wp-json\/wp\/v2\/categories?post=1832"},{"taxonomy":"post_tag","embeddable":true,"href":"https:\/\/images-des-alpes.fr\/randonue\/wp\/wp-json\/wp\/v2\/tags?post=1832"}],"curies":[{"name":"wp","href":"https:\/\/api.w.org\/{rel}","templated":true}]}}